{"id":148,"date":"2022-06-15T09:39:16","date_gmt":"2022-06-15T12:39:16","guid":{"rendered":"http:\/\/blogteatral.com\/?p=148"},"modified":"2022-06-15T09:39:16","modified_gmt":"2022-06-15T12:39:16","slug":"chaco-sera-sede-de-la-36-fiesta-nacional-del-teatro","status":"publish","type":"post","link":"http:\/\/blogteatral.com\/index.php\/2022\/06\/15\/chaco-sera-sede-de-la-36-fiesta-nacional-del-teatro\/","title":{"rendered":"Chaco ser\u00e1 sede de la 36 Fiesta Nacional del Teatro"},"content":{"rendered":"\n<p><strong>La pr\u00f3xima edici\u00f3n tendr\u00e1 lugar&nbsp;del&nbsp;29 de septiembre al 6 de octubre. Ser\u00e1n 8 d\u00edas&nbsp;con m\u00e1s de 100 funciones, 30 obras de teatro, presentaciones de libros y diferentes&nbsp;actividades.<\/strong><\/p>\n\n\n\n<p>En el&nbsp;<strong>Centro Cultural Borges<\/strong>, se realiz\u00f3 este martes el<strong>&nbsp;lanzamiento&nbsp;<\/strong>de la&nbsp;<strong>36 Fiesta Nacional de Teatro<\/strong>&nbsp;que tendr\u00e1 como<strong>&nbsp;sede a Chaco del 29 de septiembre al 6 de octubre<\/strong>. El&nbsp;<strong>mayor encuentro federal<\/strong>&nbsp;es&nbsp;<strong>organizado por el Ministerio de Cultura de la Naci\u00f3n y el Gobierno del Chaco junto con el Instituto Nacional del Teatro y el Instituto de Cultura del Chaco.<\/strong><\/p>\n\n\n\n<p>La presentaci\u00f3n estuvo a cargo del ministro de Cultura,\u00a0<strong>Trist\u00e1n Bauer<\/strong>; el gobernador del Chaco,\u00a0<strong>Jorge Capitanich<\/strong>; el director ejecutivo del Instituto Nacional de Teatro,\u00a0<strong>Gustavo Uano<\/strong>; la secretaria general,\u00a0<strong>Jimena Sivila Soza<\/strong>, y el presidente del Instituto de Cultura del Chaco,\u00a0<strong>Fancisco Romero<\/strong>. Tambi\u00e9n, acompa\u00f1aron autoridades del Ministerio de Cultura, legisladores provinciales y nacionales, actores, actrices y representantes de la comunidad teatral.<\/p>\n\n\n\n<p><\/p>\n\n\n\n<figure class=\"wp-block-image size-full\"><img loading=\"lazy\" decoding=\"async\" width=\"660\" height=\"365\" src=\"http:\/\/blogteatral.com\/wp-content\/uploads\/2022\/06\/image.png\" alt=\"\" class=\"wp-image-149\" srcset=\"http:\/\/blogteatral.com\/wp-content\/uploads\/2022\/06\/image.png 660w, http:\/\/blogteatral.com\/wp-content\/uploads\/2022\/06\/image-300x166.png 300w\" sizes=\"auto, (max-width: 660px) 100vw, 660px\" \/><figcaption>El Ministro de Cultura de la Naci\u00f3n Argentina, Trist\u00e1n Bauer<\/figcaption><\/figure>\n\n\n\n<p>El ministro&nbsp;<strong>Bauer<\/strong>&nbsp;se refiri\u00f3 en el acto de lanzamiento: \u201cnos llena de emoci\u00f3n estar aqu\u00ed hoy, en este hermoso espacio que es el Centro Cultural Borges, recuperado por el Ministerio de Cultura de la Naci\u00f3n\u201d.&nbsp;<strong>\u201cChaco con su diversidad cultural siempre le da espacio a las distintas expresiones art\u00edsticas y esta nueva edici\u00f3n de la Fiesta Nacional de Teatro es un acto de justicia de que se vuelva a hacer all\u00ed\u201d<\/strong>, agreg\u00f3 el ministro.<\/p>\n\n\n\n<p>\u201cEn pandemia el estado tuvo un rol central y los distintos institutos fueron fundamentales, como el Instituto Nacional de Teatro que ha sido m\u00e1s que ejemplar en tiempos dif\u00edciles y lo es ahora en tiempos de resurrecci\u00f3n\u201d, concluy\u00f3.<\/p>\n\n\n\n<p>El gobernador del Chaco,&nbsp;<strong>Jorge Capitanich<\/strong>, por su parte se\u00f1al\u00f3 que&nbsp;<strong>\u201cpara nosotros, como provincia anfitriona, constituye un motivo de orgullo estar aqu\u00ed.<\/strong>&nbsp;Es la segunda vez en mandatos constitucionales, que recibimos a la Fiesta Nacional del Teatro\u201d.<\/p>\n\n\n\n<p>\u201cSer\u00e1 un evento magn\u00edfico, con cien obras teatrales en ocho d\u00edas en diferentes salas de la provincia\u201d, agreg\u00f3, a la vez que destac\u00f3 que \u201ces el resultado de una fuerte pol\u00edtica que hemos desarrollado en materia cultural\u201d.<\/p>\n\n\n\n<p>Finalmente,\u00a0<strong>Capitanich anticip\u00f3 que en el transcurso de este a\u00f1o y el pr\u00f3ximo, se abrir\u00e1n en Chaco treinta y cinco salas y espacios culturales.<\/strong><\/p>\n\n\n\n<figure class=\"wp-block-image size-full\"><img loading=\"lazy\" decoding=\"async\" width=\"660\" height=\"365\" src=\"http:\/\/blogteatral.com\/wp-content\/uploads\/2022\/06\/image-1.png\" alt=\"\" class=\"wp-image-150\" srcset=\"http:\/\/blogteatral.com\/wp-content\/uploads\/2022\/06\/image-1.png 660w, http:\/\/blogteatral.com\/wp-content\/uploads\/2022\/06\/image-1-300x166.png 300w\" sizes=\"auto, (max-width: 660px) 100vw, 660px\" \/><figcaption>El gobernador de la provincia del Chaco, Jorge Capitanich<\/figcaption><\/figure>\n\n\n\n<p>El director ejecutivo del INT,&nbsp;<strong>Gustavo Uano<\/strong>, mencion\u00f3 que \u201cesta fecha de&nbsp;<strong>la Fiesta Nacional del Teatro es muy especial y esperada por toda la comunidad teatral porque se trata de un espacio de encuentro y de reencuentro\u201d<\/strong>. \u201cComo dice el ministro Bauer, la cultura es sanadora y nos necesita mucho; durante la pandemia hubo un estado que nos acompa\u00f1\u00f3 y que le permiti\u00f3 al sector teatral sostenerse\u201d, agreg\u00f3.<\/p>\n\n\n\n<p><strong>Francisco Romero<\/strong>, presidente del Instituto de Cultura del Chaco, agradeci\u00f3 \u201ca todo el Consejo Directivo del INT, al ministro Bauer, al gobernador Capitanich y a todos los que hicieron posible la designaci\u00f3n de la provincia como sede de la pr\u00f3xima Fiesta Nacional del Teatro\u201d.&nbsp;<strong>\u201c\u00bfPor qu\u00e9 Chaco?, porque tenemos una pujanza extraordinaria de salas de teatro independientes, de colectivos de actores y actrices y porque amamos el teatro\u201d<\/strong>, resalt\u00f3 el funcionario chaque\u00f1o.<\/p>\n\n\n\n<p>Finalmente, la secretaria general del INT,<strong>\u00a0Jimena Sivila Soza<\/strong>, reconoci\u00f3 que\u00a0<strong>\u201cvivimos varias fiestas como artistas, espectadores y ahora gestores, y volver a revivir el rito esc\u00e9nico m\u00e1s federal del pa\u00eds es reafirmar el sentido de esta fiesta\u201d.<\/strong><\/p>\n\n\n\n<figure class=\"wp-block-image size-full\"><img loading=\"lazy\" decoding=\"async\" width=\"660\" height=\"365\" src=\"http:\/\/blogteatral.com\/wp-content\/uploads\/2022\/06\/image-2.png\" alt=\"\" class=\"wp-image-151\" srcset=\"http:\/\/blogteatral.com\/wp-content\/uploads\/2022\/06\/image-2.png 660w, http:\/\/blogteatral.com\/wp-content\/uploads\/2022\/06\/image-2-300x166.png 300w\" sizes=\"auto, (max-width: 660px) 100vw, 660px\" \/><\/figure>\n\n\n\n<p>Para el cierre se present\u00f3<strong>&nbsp;\u201cSomos Chac\u00fa\u201d, un espect\u00e1culo con voces y cosmovisiones de los pueblos originarios<\/strong>, Qom, Wichi y Mocov\u00ed, que reflejan una potente manifestaci\u00f3n art\u00edstica con acento intercultural y expresi\u00f3n diversa.<\/p>\n\n\n\n<p><strong>La 36 Fiesta Nacional del Teatro se realizar\u00e1 en la provincia del Chaco, del 29 de septiembre al 6 de octubre.\u00a0Ser\u00e1n 8 d\u00edas\u00a0con m\u00e1s de 100 funciones, 30 obras de teatro, presentaciones de libros y diferentes\u00a0actividades.<\/strong><\/p>\n\n\n\n<p><\/p>\n\n\n\n<p>Fuente: <a href=\"https:\/\/infobaires24.com.ar\/chaco-sera-sede-de-la-36-fiesta-nacional-del-teatro\/\">https:\/\/infobaires24.com.ar\/chaco-sera-sede-de-la-36-fiesta-nacional-del-teatro\/<\/a><\/p>\n","protected":false},"excerpt":{"rendered":"<p>La pr\u00f3xima edici\u00f3n tendr\u00e1 lugar\u00a0del\u00a029 de septiembre al 6 de octubre. Ser\u00e1n 8 d\u00edas\u00a0con m\u00e1s de 100 funciones, 30 obras de teatro, presentaciones de libros y diferentes\u00a0actividades.<\/p>\n","protected":false},"author":1,"featured_media":149,"comment_status":"open","ping_status":"open","sticky":false,"template":"","format":"standard","meta":{"footnotes":""},"categories":[1],"tags":[38,36,35,37,33,34,8],"class_list":["post-148","post","type-post","status-publish","format-standard","has-post-thumbnail","hentry","category-sin-categoria","tag-38","tag-chaco","tag-fiesta","tag-instituto-nacional-del-teatro","tag-int","tag-nacional","tag-teatro"],"_links":{"self":[{"href":"http:\/\/blogteatral.com\/index.php\/wp-json\/wp\/v2\/posts\/148","targetHints":{"allow":["GET"]}}],"collection":[{"href":"http:\/\/blogteatral.com\/index.php\/wp-json\/wp\/v2\/posts"}],"about":[{"href":"http:\/\/blogteatral.com\/index.php\/wp-json\/wp\/v2\/types\/post"}],"author":[{"embeddable":true,"href":"http:\/\/blogteatral.com\/index.php\/wp-json\/wp\/v2\/users\/1"}],"replies":[{"embeddable":true,"href":"http:\/\/blogteatral.com\/index.php\/wp-json\/wp\/v2\/comments?post=148"}],"version-history":[{"count":2,"href":"http:\/\/blogteatral.com\/index.php\/wp-json\/wp\/v2\/posts\/148\/revisions"}],"predecessor-version":[{"id":153,"href":"http:\/\/blogteatral.com\/index.php\/wp-json\/wp\/v2\/posts\/148\/revisions\/153"}],"wp:featuredmedia":[{"embeddable":true,"href":"http:\/\/blogteatral.com\/index.php\/wp-json\/wp\/v2\/media\/149"}],"wp:attachment":[{"href":"http:\/\/blogteatral.com\/index.php\/wp-json\/wp\/v2\/media?parent=148"}],"wp:term":[{"taxonomy":"category","embeddable":true,"href":"http:\/\/blogteatral.com\/index.php\/wp-json\/wp\/v2\/categories?post=148"},{"taxonomy":"post_tag","embeddable":true,"href":"http:\/\/blogteatral.com\/index.php\/wp-json\/wp\/v2\/tags?post=148"}],"curies":[{"name":"wp","href":"https:\/\/api.w.org\/{rel}","templated":true}]}}