{"id":184,"date":"2022-12-29T01:12:39","date_gmt":"2022-12-29T04:12:39","guid":{"rendered":"http:\/\/blogteatral.com\/?p=184"},"modified":"2022-12-29T01:12:40","modified_gmt":"2022-12-29T04:12:40","slug":"festival-ta-que-arde-en-posadas-misiones-argentina","status":"publish","type":"post","link":"http:\/\/blogteatral.com\/index.php\/2022\/12\/29\/festival-ta-que-arde-en-posadas-misiones-argentina\/","title":{"rendered":"Festival \u00abT\u00c1 QUE ARDE!\u00bb en Posadas, Misiones, Argentina"},"content":{"rendered":"\n<p>A continuaci\u00f3n, compartimos la gacetilla de prensa del Festival.<\/p>\n\n\n\n<p><\/p>\n\n\n\n<p><strong>\ud83d\udd25 1er Festival Teatral de Verano \ud83d\udd25<\/strong><\/p>\n\n\n\n<p><strong>Del 5 al 8 de enero del 2023<\/strong><\/p>\n\n\n\n<p>Dada la necesidad de ver teatro en verano y aprovechando la oleada de turistas que visitan nuestra provincia en el mes de enero, con el equipo del Grupo Teatro Independiente <strong><em>\u00abAl lado del sol vivo\u00bb<\/em> <\/strong>organizamos el <strong>Primer Festival de Teatro de Verano \u201cT\u00c1 QUE ARDE!\u201d<\/strong>, a realizarse del 5 al 8 de enero del a\u00f1o 2023 en la ciudad de Posadas, Misiones.<\/p>\n\n\n\n<div class=\"wp-block-group\"><div class=\"wp-block-group__inner-container is-layout-constrained wp-block-group-is-layout-constrained\">\n<div class=\"wp-block-columns is-layout-flex wp-container-core-columns-is-layout-1 wp-block-columns-is-layout-flex\">\n<div class=\"wp-block-column is-vertically-aligned-center is-layout-flow wp-block-column-is-layout-flow\" style=\"flex-basis:100%\">\n<figure class=\"wp-block-gallery has-nested-images columns-4 is-cropped wp-block-gallery-1 is-layout-flex wp-block-gallery-is-layout-flex\">\n<figure class=\"wp-block-image size-large\"><img loading=\"lazy\" decoding=\"async\" width=\"1024\" height=\"1024\" src=\"http:\/\/blogteatral.com\/wp-content\/uploads\/2022\/12\/1-TQA_promo_criaturas-1024x1024.jpg\" alt=\"\" class=\"wp-image-189\" srcset=\"http:\/\/blogteatral.com\/wp-content\/uploads\/2022\/12\/1-TQA_promo_criaturas-1024x1024.jpg 1024w, http:\/\/blogteatral.com\/wp-content\/uploads\/2022\/12\/1-TQA_promo_criaturas-300x300.jpg 300w, http:\/\/blogteatral.com\/wp-content\/uploads\/2022\/12\/1-TQA_promo_criaturas-150x150.jpg 150w, http:\/\/blogteatral.com\/wp-content\/uploads\/2022\/12\/1-TQA_promo_criaturas-768x768.jpg 768w, http:\/\/blogteatral.com\/wp-content\/uploads\/2022\/12\/1-TQA_promo_criaturas.jpg 1080w\" sizes=\"auto, (max-width: 1024px) 100vw, 1024px\" \/><\/figure>\n\n\n\n<figure class=\"wp-block-image size-large\"><img loading=\"lazy\" decoding=\"async\" width=\"1024\" height=\"1024\" src=\"http:\/\/blogteatral.com\/wp-content\/uploads\/2022\/12\/4-TQA_promo_micros-1024x1024.jpg\" alt=\"\" class=\"wp-image-190\" srcset=\"http:\/\/blogteatral.com\/wp-content\/uploads\/2022\/12\/4-TQA_promo_micros-1024x1024.jpg 1024w, http:\/\/blogteatral.com\/wp-content\/uploads\/2022\/12\/4-TQA_promo_micros-300x300.jpg 300w, http:\/\/blogteatral.com\/wp-content\/uploads\/2022\/12\/4-TQA_promo_micros-150x150.jpg 150w, http:\/\/blogteatral.com\/wp-content\/uploads\/2022\/12\/4-TQA_promo_micros-768x768.jpg 768w, http:\/\/blogteatral.com\/wp-content\/uploads\/2022\/12\/4-TQA_promo_micros.jpg 1080w\" sizes=\"auto, (max-width: 1024px) 100vw, 1024px\" \/><\/figure>\n\n\n\n<figure class=\"wp-block-image size-large\"><img loading=\"lazy\" decoding=\"async\" width=\"1021\" height=\"1024\" src=\"http:\/\/blogteatral.com\/wp-content\/uploads\/2022\/12\/3-TQA_promo_soloquiero-1021x1024.jpg\" alt=\"\" class=\"wp-image-192\" srcset=\"http:\/\/blogteatral.com\/wp-content\/uploads\/2022\/12\/3-TQA_promo_soloquiero-1021x1024.jpg 1021w, http:\/\/blogteatral.com\/wp-content\/uploads\/2022\/12\/3-TQA_promo_soloquiero-300x300.jpg 300w, http:\/\/blogteatral.com\/wp-content\/uploads\/2022\/12\/3-TQA_promo_soloquiero-150x150.jpg 150w, http:\/\/blogteatral.com\/wp-content\/uploads\/2022\/12\/3-TQA_promo_soloquiero-768x770.jpg 768w, http:\/\/blogteatral.com\/wp-content\/uploads\/2022\/12\/3-TQA_promo_soloquiero.jpg 1080w\" sizes=\"auto, (max-width: 1021px) 100vw, 1021px\" \/><\/figure>\n\n\n\n<figure class=\"wp-block-image size-large\"><img loading=\"lazy\" decoding=\"async\" width=\"1024\" height=\"1021\" src=\"http:\/\/blogteatral.com\/wp-content\/uploads\/2022\/12\/2-TQA_promo_z33-1-1024x1021.jpg\" alt=\"\" class=\"wp-image-191\" srcset=\"http:\/\/blogteatral.com\/wp-content\/uploads\/2022\/12\/2-TQA_promo_z33-1-1024x1021.jpg 1024w, http:\/\/blogteatral.com\/wp-content\/uploads\/2022\/12\/2-TQA_promo_z33-1-300x300.jpg 300w, http:\/\/blogteatral.com\/wp-content\/uploads\/2022\/12\/2-TQA_promo_z33-1-150x150.jpg 150w, http:\/\/blogteatral.com\/wp-content\/uploads\/2022\/12\/2-TQA_promo_z33-1-768x766.jpg 768w, http:\/\/blogteatral.com\/wp-content\/uploads\/2022\/12\/2-TQA_promo_z33-1.jpg 1082w\" sizes=\"auto, (max-width: 1024px) 100vw, 1024px\" \/><\/figure>\n<\/figure>\n<\/div>\n<\/div>\n<\/div><\/div>\n\n\n\n<p>Estamos entusiasmados y orgullosos de poder mostrar y compartir la actividad teatral independiente, en una ocasi\u00f3n ideal para promocionar nuestro trabajo ante el p\u00fablico habitual y extranjeros que estar\u00e1n visitando nuestra ciudad y adem\u00e1s establecer v\u00ednculos con otras comunidades teatrales.&nbsp;<\/p>\n\n\n\n<p>La programaci\u00f3n consta de 4 espect\u00e1culos que se realizar\u00e1n en la Murga de la Estaci\u00f3n (Pedro M\u00e9ndez 2260).&nbsp;<\/p>\n\n\n\n<p>El p\u00fablico podr\u00e1 presenciar intervenciones previas a los espect\u00e1culos que estar\u00e1n conformadas y representadas por grupos de Misiones.<\/p>\n\n\n\n<p>Para la programaci\u00f3n se tuvo en cuenta la inclusi\u00f3n de espect\u00e1culos que abordan tem\u00e1ticas con perspectiva de g\u00e9nero, as\u00ed como la inclusi\u00f3n activa de mujeres y miembros de la comunidad LGBTIQ+. La convocatoria contempl\u00f3 la diversidad de estilos, tem\u00e1ticas y g\u00e9neros cuya curadur\u00eda estuvo a cargo de los organizadores y la invitaci\u00f3n se realiz\u00f3 a grupos con experiencia en la realizaci\u00f3n de obras teatrales.<\/p>\n\n\n\n<p>Como actividad complementaria, la realizaci\u00f3n de cursos y talleres en el transcurso del festival.<\/p>\n\n\n\n<p>El formato es el de teatro\/bar ya que el \u00e1mbito descontracturado permite la ingesta de bebidas y comidas durante el transcurso del evento.&nbsp;<\/p>\n\n\n\n<p>Las entradas para las funciones pueden conseguirse en el n\u00famero 3764762016 se pueden pagar por Mercado Pago y en forma presencial (previa coordinaci\u00f3n). Las entradas anticipadas se venden hasta las 19 horas de cada funci\u00f3n, despu\u00e9s de ese horario se considera precio de puesta para la funci\u00f3n de ese d\u00eda.<\/p>\n\n\n\n<p><\/p>\n\n\n\n<p class=\"has-large-font-size\"><strong>Programaci\u00f3n<\/strong><\/p>\n\n\n\n<p><strong>JUEVES 05 \/ 21.30 hs<\/strong><\/p>\n\n\n\n<p><strong>CRIATURAS <\/strong>de Alberto Adellach<\/p>\n\n\n\n<p><strong>Direcci\u00f3n: <\/strong>Andr\u00e9s Toneatto<\/p>\n\n\n\n<hr class=\"wp-block-separator has-alpha-channel-opacity\"\/>\n\n\n\n<p><strong>VIERNES 06 \/ 21.00 HS<\/strong><\/p>\n\n\n\n<p><strong>ZONA 33 <\/strong>de Patricio Elizalde<\/p>\n\n\n\n<p><strong>Direcci\u00f3n: <\/strong>Maximiliano Scheibe<\/p>\n\n\n\n<hr class=\"wp-block-separator has-alpha-channel-opacity\"\/>\n\n\n\n<p><strong>S\u00c1BADO 07 \/ 21.00 HS<\/strong><\/p>\n\n\n\n<p><strong>SOLO QUIERO\u2026 <\/strong>de Maximiliano Scheibe&nbsp;<\/p>\n\n\n\n<p><strong>Direcci\u00f3n: <\/strong>Diego Acu\u00f1a y Maximiliano Scheibe<\/p>\n\n\n\n<hr class=\"wp-block-separator has-alpha-channel-opacity\"\/>\n\n\n\n<p><strong>DOMINGO 08 \/ 21.00 HS<\/strong><\/p>\n\n\n\n<p><strong>LOS MICROS DE LA B <\/strong>(Creaci\u00f3n Colectiva)<\/p>\n\n\n\n<p><strong>Direcci\u00f3n: <\/strong>Marilyn Melo Farjado<\/p>\n\n\n\n<hr class=\"wp-block-separator has-alpha-channel-opacity\"\/>\n\n\n\n<p>\u00a0\u00a0<\/p>\n\n\n\n<p><strong>\ud83d\udd25 PRECIO DE ENTRADAS<\/strong>:<\/p>\n\n\n\n<p>1 por $1.000<\/p>\n\n\n\n<p>2 por $1.800<\/p>\n\n\n\n<p>3 por $2.400<\/p>\n\n\n\n<p>4 por $2.800<\/p>\n\n\n\n<p>En puerta $1.200 c\/u<\/p>\n\n\n\n<p><em>\u00bfC\u00f3mo funciona la Promo?<\/em><\/p>\n\n\n\n<p>Podes ir a ver las 4 obras por $2.800 o ir 4 personas a ver 1 obra por $2.800.<\/p>\n\n\n\n<p><\/p>\n\n\n\n<hr class=\"wp-block-separator has-alpha-channel-opacity\"\/>\n\n\n\n<p><strong><em>Quer\u00e9s recibir noticias teatrales exclusivas de BlogTeatral.com en tu email?<\/em><\/strong><\/p>\n\n\n<script>(function() {\n\twindow.mc4wp = window.mc4wp || {\n\t\tlisteners: [],\n\t\tforms: {\n\t\t\ton: function(evt, cb) {\n\t\t\t\twindow.mc4wp.listeners.push(\n\t\t\t\t\t{\n\t\t\t\t\t\tevent   : evt,\n\t\t\t\t\t\tcallback: cb\n\t\t\t\t\t}\n\t\t\t\t);\n\t\t\t}\n\t\t}\n\t}\n})();\n<\/script><!-- Mailchimp for WordPress v4.12.2 - https:\/\/wordpress.org\/plugins\/mailchimp-for-wp\/ --><form id=\"mc4wp-form-1\" class=\"mc4wp-form mc4wp-form-180\" method=\"post\" data-id=\"180\" data-name=\"MC Registro\" ><div class=\"mc4wp-form-fields\"><p>\r\n\t<label>Direcci\u00f3n de correo electr\u00f3nico: \r\n\t\t<input type=\"email\" name=\"EMAIL\" placeholder=\"Tu direcci\u00f3n de correo electr\u00f3nico\" required \/>\r\n<\/label>\r\n<\/p>\r\n\r\n<p>\r\n\t<input type=\"submit\" value=\"Registro\" \/>\r\n<\/p><\/div><label style=\"display: none !important;\">Deja vac\u00edo este campo si eres humano: <input type=\"text\" name=\"_mc4wp_honeypot\" value=\"\" tabindex=\"-1\" autocomplete=\"off\" \/><\/label><input type=\"hidden\" name=\"_mc4wp_timestamp\" value=\"1777605915\" \/><input type=\"hidden\" name=\"_mc4wp_form_id\" value=\"180\" \/><input type=\"hidden\" name=\"_mc4wp_form_element_id\" value=\"mc4wp-form-1\" \/><div class=\"mc4wp-response\"><\/div><\/form><!-- \/ Mailchimp for WordPress Plugin -->\n\n\n<p><\/p>\n","protected":false},"excerpt":{"rendered":"<p>A continuaci\u00f3n, compartimos la gacetilla de prensa del Festival. \ud83d\udd25 1er Festival Teatral de Verano \ud83d\udd25 Del 5 al 8 de enero del 2023 Dada<\/p>\n","protected":false},"author":1,"featured_media":186,"comment_status":"open","ping_status":"open","sticky":false,"template":"","format":"standard","meta":{"footnotes":""},"categories":[39,58],"tags":[63,59,60,61,62],"class_list":["post-184","post","type-post","status-publish","format-standard","has-post-thumbnail","hentry","category-eventos","category-festivales","tag-enero","tag-festival","tag-misiones","tag-posadas","tag-taquearde"],"_links":{"self":[{"href":"http:\/\/blogteatral.com\/index.php\/wp-json\/wp\/v2\/posts\/184","targetHints":{"allow":["GET"]}}],"collection":[{"href":"http:\/\/blogteatral.com\/index.php\/wp-json\/wp\/v2\/posts"}],"about":[{"href":"http:\/\/blogteatral.com\/index.php\/wp-json\/wp\/v2\/types\/post"}],"author":[{"embeddable":true,"href":"http:\/\/blogteatral.com\/index.php\/wp-json\/wp\/v2\/users\/1"}],"replies":[{"embeddable":true,"href":"http:\/\/blogteatral.com\/index.php\/wp-json\/wp\/v2\/comments?post=184"}],"version-history":[{"count":7,"href":"http:\/\/blogteatral.com\/index.php\/wp-json\/wp\/v2\/posts\/184\/revisions"}],"predecessor-version":[{"id":197,"href":"http:\/\/blogteatral.com\/index.php\/wp-json\/wp\/v2\/posts\/184\/revisions\/197"}],"wp:featuredmedia":[{"embeddable":true,"href":"http:\/\/blogteatral.com\/index.php\/wp-json\/wp\/v2\/media\/186"}],"wp:attachment":[{"href":"http:\/\/blogteatral.com\/index.php\/wp-json\/wp\/v2\/media?parent=184"}],"wp:term":[{"taxonomy":"category","embeddable":true,"href":"http:\/\/blogteatral.com\/index.php\/wp-json\/wp\/v2\/categories?post=184"},{"taxonomy":"post_tag","embeddable":true,"href":"http:\/\/blogteatral.com\/index.php\/wp-json\/wp\/v2\/tags?post=184"}],"curies":[{"name":"wp","href":"https:\/\/api.w.org\/{rel}","templated":true}]}}